
{"id":2633,"date":"2023-04-19T16:36:41","date_gmt":"2023-04-19T19:36:41","guid":{"rendered":"https:\/\/onovomercado.com\/blog\/?p=2633"},"modified":"2023-10-17T17:20:56","modified_gmt":"2023-10-17T20:20:56","slug":"nao-tenho-presenca-em-redes-sociais-as-carreiras-digitais-sao-para-mim","status":"publish","type":"post","link":"https:\/\/onovomercado.com\/blog\/nao-tenho-presenca-em-redes-sociais-as-carreiras-digitais-sao-para-mim\/","title":{"rendered":"N\u00e3o tenho presen\u00e7a em redes sociais. As carreiras digitais s\u00e3o para mim?"},"content":{"rendered":"\n<p>Muitas pessoas acham que manter uma presen\u00e7a digital \u00e9 um desafio, especialmente aquelas que n\u00e3o t\u00eam experi\u00eancia, familiaridade com o ambiente digital, por n\u00e3o possu\u00edrem um perfil comunicador, seja por vergonha ou at\u00e9 por falta de paci\u00eancia.<\/p>\n\n\n\n<p>Para uma boa parte dos empreendedores, estar offline pode representar a perda de grandes oportunidades de marketing e visibilidade. Mas ser\u00e1 que essa \u00e9 uma regra para todos os tipos de neg\u00f3cios e pessoas?<\/p>\n\n\n\n<figure class=\"wp-block-image size-large\"><img loading=\"lazy\" decoding=\"async\" width=\"1024\" height=\"682\" src=\"https:\/\/onovomercado.com\/blog\/wp-content\/uploads\/2023\/04\/Mask-group-1024x682.jpg\" alt=\"\" class=\"wp-image-2647\" srcset=\"https:\/\/onovomercado.com\/blog\/wp-content\/uploads\/2023\/04\/Mask-group-1024x682.jpg 1024w, https:\/\/onovomercado.com\/blog\/wp-content\/uploads\/2023\/04\/Mask-group-300x200.jpg 300w, https:\/\/onovomercado.com\/blog\/wp-content\/uploads\/2023\/04\/Mask-group-768x512.jpg 768w, https:\/\/onovomercado.com\/blog\/wp-content\/uploads\/2023\/04\/Mask-group.jpg 1145w\" sizes=\"auto, (max-width: 1024px) 100vw, 1024px\" \/><\/figure>\n\n\n\n<p>N\u00e3o se sinta intimidado. Se voc\u00ea quer viver a nova forma de trabalhar, se abra para uma nova forma de pensar! Estar presente e ativo nas redes sociais n\u00e3o \u00e9 fator decisivo para o seu sucesso como profissional.<\/p>\n\n\n\n<p>Ali\u00e1s, sucesso \u00e9 algo muito subjetivo e isso pode ficar para uma outra conversa.<\/p>\n\n\n\n<p>Por muito tempo adiei a minha transi\u00e7\u00e3o de carreira. Por medo do fracasso, me agarrei a algo que me limitava demais: o pensamento de que para atuar no mundo digital eu precisaria impreterivelmente ter um Instagram \u201cbombando\u201d.<\/p>\n\n\n\n<p><strong><em>Spoiler alert<\/em>:<\/strong> quatro anos se passaram e eu estou bem longe disso, mas apesar de n\u00e3o ter presen\u00e7a digital, posso garantir que fiz grandes conquistas e que estou muito realizada profissionalmente.<\/p>\n\n\n\n<p>A empresa S\u00f3lides, uma das maiores HRTech do Brasil, indica em uma de suas pesquisas que h\u00e1 uma tend\u00eancia de predomin\u00e2ncia do perfil comunicador entre os brasileiros.<\/p>\n\n\n\n<p>Isso pode estar relacionado com a cultura do nosso pa\u00eds, que valoriza a sociabilidade, o relacionamento interpessoal e a expressividade. No entanto, \u00e9 importante destacar que isso n\u00e3o \u00e9 uma regra e que cada indiv\u00edduo pode apresentar caracter\u00edsticas de diferentes perfis comportamentais, al\u00e9m de ser influenciado por outros fatores como ambiente, experi\u00eancias de vida, educa\u00e7\u00e3o e cultura.<\/p>\n\n\n\n<p>Nessa linha, gostaria de lembrar que algoritmos s\u00e3o usados para filtrar, classificar e personalizar o conte\u00fado que vemos nos nossos feeds. E isso pode levar a um efeito de filtro-bolha, onde somos expostos principalmente a informa\u00e7\u00f5es que confirmam nossas pr\u00f3prias cren\u00e7as &#8211; que \u00e0s vezes s\u00e3o limitantes &#8211; e opini\u00f5es, sem sermos expostos a perspectivas divergentes.&nbsp;<\/p>\n\n\n\n<p>Ou seja, constantemente recebemos o refor\u00e7o de um \u00fanico cen\u00e1rio: o de que para atingir nossos objetivos profissionais, precisamos ter uma forte presen\u00e7a e desenvoltura digital.<\/p>\n\n\n\n<p>N\u00e3o sei o que voc\u00ea pensa disso, mas para mim parece ser pouco justo que todos n\u00f3s tenhamos que nos enquadrar nessa indica\u00e7\u00e3o.<\/p>\n\n\n\n<p>Sim, existem profissionais extraordin\u00e1rios que possuem um perfil comunicador latente e que est\u00e3o por a\u00ed brilhando nas redes sociais. Mas isso n\u00e3o quer dizer que somente eles atingem o sucesso.<\/p>\n\n\n\n<p>Para mim, foi um grande al\u00edvio quando entendi que para que essas pessoas incr\u00edveis pudessem estar ali, online, expondo os seus projetos e pensamentos existiam profissionais igualmente incr\u00edveis nas suas \u00e1reas de atua\u00e7\u00e3o os apoiando nos bastidores.<\/p>\n\n\n\n<p>Programadores de talento e excel\u00eancia, editores de sucesso e gerentes de projetos talentosos, atentos aos detalhes e comprometidos com as entregas. Uma infinidade de profissionais e um leque imenso de possibilidades de empreender.<\/p>\n\n\n\n<p>E que sim, muitas vezes preferem estar off nas redes sociais.<\/p>\n\n\n\n<p>Por isso, n\u00e3o se sinta como um extraterrestre por achar que manter uma presen\u00e7a digital \u00e9 um desafio para voc\u00ea.&nbsp;<\/p>\n\n\n\n<p>Ao meu ver uma das&nbsp;belezas do mercado digital \u00e9 a diversidade e pluralidade de profissionais com diferentes perfis, habilidades e experi\u00eancias.&nbsp;<\/p>\n\n\n\n<p>E isso \u00e9 uma vantagem j\u00e1 que essa diversidade permite que os empreendedores encontrem neg\u00f3cios que sejam mais aderentes \u00e0 sua \u00e1rea de atua\u00e7\u00e3o e a forma que querem viver.<\/p>\n\n\n\n<p>Al\u00e9m disso, essa diversidade de perfis de profissionais, de habilidades e perspectivas permite o trabalho conjunto em projetos criativos e experimentais, resultando em ideias inovadoras que podem impulsionar o sucesso de um neg\u00f3cio.<\/p>\n\n\n\n<p>Se ainda assim voc\u00ea se mant\u00e9m incr\u00e9dulo quanto ao sucesso de empreender no mundo digital, estando offline, posso te garantir que&nbsp;existem muitas outras formas de promover o seu neg\u00f3cio e alcan\u00e7ar novos clientes.&nbsp;<\/p>\n\n\n\n<p>Veja, aqui, como voc\u00ea pode divulgar o seu neg\u00f3cio:<\/p>\n\n\n\n<ul class=\"wp-block-list\">\n<li>1. Marketing boca-a-boca: Certifique-se de oferecer um excelente servi\u00e7o aos seus clientes, comprometa-se com os prazos de entrega e estabele\u00e7a um bom relacionamento com todos que voc\u00ea lidar no dia a dia. Isso far\u00e1 com que os seus clientes satisfeitos e os seus parceiros de trabalho indiquem o seu neg\u00f3cio para outras pessoas, o que pode ser uma das formas mais eficazes de publicidade;<\/li>\n\n\n\n<li>2. Programa de refer\u00eancia: Incentive os seus clientes a indicarem amigos e familiares ao seu neg\u00f3cio, oferecendo um desconto ou benef\u00edcio especial que seja atrativo para todos. Isso pode ajudar a aumentar sua base de clientes e gerar mais neg\u00f3cios;<\/li>\n\n\n\n<li>3. Networking em eventos: Participe de eventos e confer\u00eancias relacionados ao seu nicho de mercado para conhecer outras pessoas e expandir sua rede de contatos. Isso pode levar a novas oportunidades inesperadas, al\u00e9m de convites para colabora\u00e7\u00f5es;<\/li>\n\n\n\n<li>4. Parcerias com empresas em \u00e1reas complementares: Parcerias com empresas em \u00e1reas complementares podem ser muito ben\u00e9ficas. Por exemplo, se voc\u00ea \u00e9 um designer, pode fazer parceria com um Social Media para oferecer um desconto conjunto para os clientes de ambos os neg\u00f3cios;<\/li>\n\n\n\n<li>5. Parcerias com profissionais da mesma \u00e1rea de atua\u00e7\u00e3o: Fa\u00e7a parcerias com profissionais da mesma \u00e1rea de atua\u00e7\u00e3o. Assim, voc\u00ea estabelecer\u00e1 uma rede em que indicam projetos e clientes uns aos outros, de acordo com suas especialidades e habilidades. Essa parceria pode ser uma \u00f3tima oportunidade para expandir a rede de contatos e de escalar o seu neg\u00f3cio.<\/li>\n<\/ul>\n\n\n\n<p>Existem muitos fatores que contribuem para o sucesso profissional, como a qualidade do trabalho realizado, habilidades t\u00e9cnicas, compet\u00eancia, comprometimento, networking, entre outros. Embora a presen\u00e7a digital possa ajudar a promover esses atributos, ela n\u00e3o \u00e9 o \u00fanico fator determinante para o seu sucesso.<\/p>\n\n\n\n<p>Al\u00e9m disso, \u00e9 importante ressaltar que a presen\u00e7a nas redes sociais pode ser um fator importante para alguns profissionais, mas n\u00e3o para todos. Por exemplo, profissionais que atuam em \u00e1reas mais t\u00e9cnicas ou que lidam com dados confidenciais podem n\u00e3o precisar ou n\u00e3o querer ter uma presen\u00e7a digital t\u00e3o forte.&nbsp;<\/p>\n\n\n\n<p>Por\u00e9m, n\u00e3o podemos fugir da realidade de que estar ativo nas redes pode ser uma ferramenta poderosa para estabelecer conex\u00f5es, promover o trabalho e ampliar a sua visibilidade como profissional.&nbsp;<\/p>\n\n\n\n<p>Por isso, cabe a cada um de n\u00f3s, avaliar o quanto essa ferramenta \u00e9 relevante para sua \u00e1rea de atua\u00e7\u00e3o e para os seus objetivos profissionais, decidindo assim, como e em que medida utilizar as redes sociais em sua estrat\u00e9gia.<\/p>\n\n\n\n<p>N\u00e3o adie mais os seus planos por estar offline. Ao inv\u00e9s disso, aproveite as possibilidades do mundo digital. Quem sabe fechando uma parceria com algu\u00e9m que atue com presen\u00e7a digital, em troca de alguns dos servi\u00e7os que voc\u00ea oferece.&nbsp;<\/p>\n\n\n\n<p>Deixe o medo de lado e embarque nesse mercado, cheio de possibilidades.<\/p>\n","protected":false},"excerpt":{"rendered":"<p>Muitas pessoas acham que manter uma presen\u00e7a digital \u00e9 um desafio, especialmente [&hellip;]<\/p>\n","protected":false},"author":25,"featured_media":2636,"comment_status":"open","ping_status":"open","sticky":false,"template":"","format":"standard","meta":{"footnotes":""},"categories":[41],"tags":[],"class_list":["post-2633","post","type-post","status-publish","format-standard","has-post-thumbnail","hentry","category-redes-sociais"],"_links":{"self":[{"href":"https:\/\/onovomercado.com\/blog\/wp-json\/wp\/v2\/posts\/2633","targetHints":{"allow":["GET"]}}],"collection":[{"href":"https:\/\/onovomercado.com\/blog\/wp-json\/wp\/v2\/posts"}],"about":[{"href":"https:\/\/onovomercado.com\/blog\/wp-json\/wp\/v2\/types\/post"}],"author":[{"embeddable":true,"href":"https:\/\/onovomercado.com\/blog\/wp-json\/wp\/v2\/users\/25"}],"replies":[{"embeddable":true,"href":"https:\/\/onovomercado.com\/blog\/wp-json\/wp\/v2\/comments?post=2633"}],"version-history":[{"count":9,"href":"https:\/\/onovomercado.com\/blog\/wp-json\/wp\/v2\/posts\/2633\/revisions"}],"predecessor-version":[{"id":2653,"href":"https:\/\/onovomercado.com\/blog\/wp-json\/wp\/v2\/posts\/2633\/revisions\/2653"}],"wp:featuredmedia":[{"embeddable":true,"href":"https:\/\/onovomercado.com\/blog\/wp-json\/wp\/v2\/media\/2636"}],"wp:attachment":[{"href":"https:\/\/onovomercado.com\/blog\/wp-json\/wp\/v2\/media?parent=2633"}],"wp:term":[{"taxonomy":"category","embeddable":true,"href":"https:\/\/onovomercado.com\/blog\/wp-json\/wp\/v2\/categories?post=2633"},{"taxonomy":"post_tag","embeddable":true,"href":"https:\/\/onovomercado.com\/blog\/wp-json\/wp\/v2\/tags?post=2633"}],"curies":[{"name":"wp","href":"https:\/\/api.w.org\/{rel}","templated":true}]}}